{"id":1819,"date":"2023-08-10T15:08:25","date_gmt":"2023-08-10T15:08:25","guid":{"rendered":"https:\/\/www.courdescomptes.sn\/?p=1819"},"modified":"2023-08-10T15:08:29","modified_gmt":"2023-08-10T15:08:29","slug":"concours-de-recrutement","status":"publish","type":"post","link":"https:\/\/www.courdescomptes.sn\/en\/concours-de-recrutement\/","title":{"rendered":"CONCOURS DE RECRUTEMENT"},"content":{"rendered":"\n<p>La <strong>Cour des comptes <\/strong>organise un concours de recrutement de <strong>quinze (15) assistants de v\u00e9rification <\/strong>dans les conditions fix\u00e9es par le d\u00e9cret n\u00b02018-06 du 03 janvier 2018<strong>.<\/strong><\/p>\n\n\n\n<p>Le concours est ouvert :<\/p>\n\n\n\n<ul><li>aux fonctionnaires et aux agents non fonctionnaires de la hi\u00e9rarchie A ;<\/li><li>aux dipl\u00f4mes du cycle B de l&#8217;ENA ayant au moins cinq (05) ans d&#8217;anciennet\u00e9<\/li><\/ul>\n\n\n\n<p>dans leur corps.<\/p>\n\n\n\n<p><strong>D\u00e9p\u00f4t des candidatures<\/strong><\/p>\n\n\n\n<p>Les dossiers de candidature devront parvenir au Secr\u00e9tariat g\u00e9n\u00e9ral de la Cour des Comptes (<strong>71-73 Boulevard de la R\u00e9publique , t\u00e9l\u00e9phone : 77 650 14 36\/ 77 011 18 18<\/strong>) au plus tard le <strong>jeudi 28 septembre 2023 <\/strong>\u00e0 17 heures.<\/p>\n\n\n\n<p>Ils comprennent :<\/p>\n\n\n\n<p>&#x25aa; \u00a0une lettre de motivation manuscrite, dat\u00e9e et sign\u00e9e par le candidat ;<\/p>\n\n\n\n<p>&#x25aa; \u00a0un curriculum vitae avec une photo d\u2019identit\u00e9 r\u00e9cente, la date de naissance, le corps d\u2019origine, le matricule, les dipl\u00f4mes du candidat et le d\u00e9roulement de sa carri\u00e8re;<\/p>\n\n\n\n<p>&#x25aa; \u00a0une copie certifi\u00e9e conforme de l\u2019acte de nomination dans la Fonction publique ;<\/p>\n\n\n\n<p>&#x25aa; \u00a0un extrait de casier judiciaire datant de moins de trois mois.<\/p>\n\n\n\n<p><strong>Liste des candidats et d\u00e9roulement des \u00e9preuves<\/strong><\/p>\n\n\n\n<p>L\u2019arr\u00eat\u00e9 fixant la liste des candidats autoris\u00e9s \u00e0 prendre part au concours sera publi\u00e9 au plus tard quinze (15) jours avant le d\u00e9but des \u00e9preuves.<\/p>\n\n\n\n<p>Le calendrier des \u00e9preuves sera publi\u00e9 par voie de presse et sur le site de la Cour des comptes www.courdescomptes.sn.<\/p>\n\n\n\n<p class=\"has-text-align-right\"><strong>Le Secr\u00e9taire g\u00e9n\u00e9ral<\/strong><\/p>\n","protected":false},"excerpt":{"rendered":"<p>La Cour des comptes organise un concours de recrutement de quinze (15) assistants de v\u00e9rification dans les conditions fix\u00e9es par le d\u00e9cret n\u00b02018-06 du 03 janvier 2018. Le concours est ouvert : aux fonctionnaires et aux agents non fonctionnaires de la hi\u00e9rarchie A ; aux dipl\u00f4mes du cycle B de l&#8217;ENA ayant au moins cinq [&hellip;]<\/p>\n","protected":false},"author":52,"featured_media":0,"comment_status":"closed","ping_status":"closed","sticky":false,"template":"","format":"standard","meta":[],"categories":[5],"tags":[],"_links":{"self":[{"href":"https:\/\/www.courdescomptes.sn\/en\/wp-json\/wp\/v2\/posts\/1819"}],"collection":[{"href":"https:\/\/www.courdescomptes.sn\/en\/wp-json\/wp\/v2\/posts"}],"about":[{"href":"https:\/\/www.courdescomptes.sn\/en\/wp-json\/wp\/v2\/types\/post"}],"author":[{"embeddable":true,"href":"https:\/\/www.courdescomptes.sn\/en\/wp-json\/wp\/v2\/users\/52"}],"replies":[{"embeddable":true,"href":"https:\/\/www.courdescomptes.sn\/en\/wp-json\/wp\/v2\/comments?post=1819"}],"version-history":[{"count":2,"href":"https:\/\/www.courdescomptes.sn\/en\/wp-json\/wp\/v2\/posts\/1819\/revisions"}],"predecessor-version":[{"id":1822,"href":"https:\/\/www.courdescomptes.sn\/en\/wp-json\/wp\/v2\/posts\/1819\/revisions\/1822"}],"wp:attachment":[{"href":"https:\/\/www.courdescomptes.sn\/en\/wp-json\/wp\/v2\/media?parent=1819"}],"wp:term":[{"taxonomy":"category","embeddable":true,"href":"https:\/\/www.courdescomptes.sn\/en\/wp-json\/wp\/v2\/categories?post=1819"},{"taxonomy":"post_tag","embeddable":true,"href":"https:\/\/www.courdescomptes.sn\/en\/wp-json\/wp\/v2\/tags?post=1819"}],"curies":[{"name":"wp","href":"https:\/\/api.w.org\/{rel}","templated":true}]}}