{"id":1621,"date":"2022-08-17T08:18:09","date_gmt":"2022-08-17T08:18:09","guid":{"rendered":"http:\/\/www.courdescomptes.sn\/?p=1621"},"modified":"2022-08-17T08:20:50","modified_gmt":"2022-08-17T08:20:50","slug":"concours-de-recrutement-de-15-assistants-de-verification","status":"publish","type":"post","link":"https:\/\/www.courdescomptes.sn\/en\/concours-de-recrutement-de-15-assistants-de-verification\/","title":{"rendered":"Concours de recrutement de 15 assistants de v\u00e9rification"},"content":{"rendered":"\n<p><\/p>\n\n\n\n<p>La &nbsp;<strong>Cour &nbsp;des &nbsp;comptes &nbsp;<\/strong>organise&nbsp; &nbsp;un&nbsp; &nbsp;concours &nbsp;de &nbsp;recrutement &nbsp;de &nbsp;<strong>quinze&nbsp; &nbsp;(15)<\/strong> <strong>assistants &nbsp;<\/strong>de &nbsp;v\u00e9rification &nbsp;dans &nbsp;les &nbsp;conditions &nbsp;fix\u00e9es &nbsp;par &nbsp;le &nbsp;d\u00e9cret &nbsp;n\u00b02018-06 &nbsp;du03 janvier 2018.<\/p>\n\n\n\n<p>Le concours est ouvert :<\/p>\n\n\n\n<p>aux fonctionnaires et aux agents non fonctionnaires de la &nbsp;hi\u00e9rarchie A ;<\/p>\n\n\n\n<p>aux dipl\u00f4m\u00e9s du cycle B &nbsp;de &nbsp;l&#8217;ENA &nbsp;ayant au moins cinq (05) &nbsp;ans d&#8217;anciennet\u00e9 dans leur corps.<\/p>\n\n\n\n<p><strong>D<\/strong><strong>\u00e9p\u00f4t <\/strong><strong>de<\/strong><strong>s <\/strong><strong>c<\/strong><strong>a<\/strong><strong>n<\/strong><strong>d<\/strong><strong>i<\/strong><strong>d<\/strong><strong>a<\/strong><strong>t<\/strong><strong>u<\/strong><strong>r<\/strong><strong>e<\/strong><strong>s<\/strong><\/p>\n\n\n\n<p>Les &nbsp;dossiers de candidature &nbsp;devront &nbsp;parvenir &nbsp;au &nbsp;Secr\u00e9tariat &nbsp;g\u00e9n\u00e9ral de la &nbsp;Cour &nbsp;des Comptes &nbsp;<strong>(71-73 &nbsp;Boulevard &nbsp;de &nbsp;la &nbsp;R\u00e9publique &nbsp;, &nbsp;t\u00e9l\u00e9phone: &nbsp;77 650 &nbsp;14 &nbsp;36\/<\/strong> <strong>77 725 07 71) <\/strong>au plus tard &nbsp;le <strong>vendredi &nbsp;16 septembre 2022, &nbsp;<\/strong>\u00e0 &nbsp;17 &nbsp;heures.<\/p>\n\n\n\n<p>Ils comprennent &nbsp;:<\/p>\n\n\n\n<p>\u2022&nbsp;&nbsp; &nbsp;une lettre de motivation &nbsp;manuscrite, &nbsp;dat\u00e9e et sign\u00e9e par le candidat ;<\/p>\n\n\n\n<p>\u2022&nbsp;&nbsp;&nbsp;&nbsp; un curriculum vitae avec une photo d&#8217;identit\u00e9 r\u00e9cente, &nbsp;pr\u00e9cisant les dipl\u00f4mes du candidat et le d\u00e9roulement de sa carri\u00e8re;<\/p>\n\n\n\n<p>\u2022&nbsp;&nbsp;&nbsp;&nbsp; une &nbsp;copie &nbsp;certifi\u00e9e&nbsp; &nbsp;conforme &nbsp;de &nbsp;l&#8217;acte &nbsp;de &nbsp;nomination&nbsp; &nbsp;dans &nbsp;la&nbsp; &nbsp;Fonction publique &nbsp;;<\/p>\n\n\n\n<p>\u2022&nbsp;&nbsp; &nbsp;un extrait de casier judiciaire datant de moins de trois mois.<\/p>\n\n\n\n<p><strong>L<\/strong><strong>i<\/strong><strong>s<\/strong><strong>t<\/strong><strong>e<\/strong><strong> <\/strong><strong>des candidats et d\u00e9roulement des \u00e9preuves<\/strong><\/p>\n\n\n\n<p>L&#8217;arr\u00eat\u00e9 &nbsp;fixant &nbsp;la &nbsp;liste &nbsp;des candidats &nbsp;autoris\u00e9s \u00e0 &nbsp;prendre &nbsp;part au concours sera &nbsp;publi\u00e9 au plus tard quinze (15) jours avant le d\u00e9but des \u00e9preuves pr\u00e9vu le 22 octobre 2022.<\/p>\n\n\n\n<p>Le&nbsp; &nbsp;calendrier&nbsp; &nbsp;des &nbsp;\u00e9preuves &nbsp;sera&nbsp; &nbsp;publi\u00e9 &nbsp;sur&nbsp; &nbsp;le&nbsp; &nbsp;site&nbsp; &nbsp;de &nbsp;la&nbsp; &nbsp;Cour&nbsp; &nbsp;des &nbsp;Comptes (www .courdescomptes.sn).<\/p>\n\n\n\n<p class=\"has-text-align-right\"><strong>Le Secr\u00e9taire g\u00e9n\u00e9ral<\/strong><\/p>\n\n\n\n<p>&#8212;> <a href=\"http:\/\/www.courdescomptes.sn\/wp-content\/uploads\/2022\/08\/Concours-AV.pdf\">Arr\u00eat\u00e9 portant ouverture d&#8217;un concours de recrutement d&#8217;assistants de v\u00e9rifications de la Cour des Comptes <\/a><\/p>\n\n\n\n<p><\/p>\n","protected":false},"excerpt":{"rendered":"<p>La &nbsp;Cour &nbsp;des &nbsp;comptes &nbsp;organise&nbsp; &nbsp;un&nbsp; &nbsp;concours &nbsp;de &nbsp;recrutement &nbsp;de &nbsp;quinze&nbsp; &nbsp;(15) assistants &nbsp;de &nbsp;v\u00e9rification &nbsp;dans &nbsp;les &nbsp;conditions &nbsp;fix\u00e9es &nbsp;par &nbsp;le &nbsp;d\u00e9cret &nbsp;n\u00b02018-06 &nbsp;du03 janvier 2018. Le concours est ouvert : aux fonctionnaires et aux agents non fonctionnaires de la &nbsp;hi\u00e9rarchie A ; aux dipl\u00f4m\u00e9s du cycle B &nbsp;de &nbsp;l&#8217;ENA &nbsp;ayant au moins cinq (05) [&hellip;]<\/p>\n","protected":false},"author":52,"featured_media":0,"comment_status":"closed","ping_status":"closed","sticky":false,"template":"","format":"standard","meta":[],"categories":[5],"tags":[],"_links":{"self":[{"href":"https:\/\/www.courdescomptes.sn\/en\/wp-json\/wp\/v2\/posts\/1621"}],"collection":[{"href":"https:\/\/www.courdescomptes.sn\/en\/wp-json\/wp\/v2\/posts"}],"about":[{"href":"https:\/\/www.courdescomptes.sn\/en\/wp-json\/wp\/v2\/types\/post"}],"author":[{"embeddable":true,"href":"https:\/\/www.courdescomptes.sn\/en\/wp-json\/wp\/v2\/users\/52"}],"replies":[{"embeddable":true,"href":"https:\/\/www.courdescomptes.sn\/en\/wp-json\/wp\/v2\/comments?post=1621"}],"version-history":[{"count":3,"href":"https:\/\/www.courdescomptes.sn\/en\/wp-json\/wp\/v2\/posts\/1621\/revisions"}],"predecessor-version":[{"id":1625,"href":"https:\/\/www.courdescomptes.sn\/en\/wp-json\/wp\/v2\/posts\/1621\/revisions\/1625"}],"wp:attachment":[{"href":"https:\/\/www.courdescomptes.sn\/en\/wp-json\/wp\/v2\/media?parent=1621"}],"wp:term":[{"taxonomy":"category","embeddable":true,"href":"https:\/\/www.courdescomptes.sn\/en\/wp-json\/wp\/v2\/categories?post=1621"},{"taxonomy":"post_tag","embeddable":true,"href":"https:\/\/www.courdescomptes.sn\/en\/wp-json\/wp\/v2\/tags?post=1621"}],"curies":[{"name":"wp","href":"https:\/\/api.w.org\/{rel}","templated":true}]}}