{"id":1611,"date":"2022-06-29T15:47:24","date_gmt":"2022-06-29T15:47:24","guid":{"rendered":"http:\/\/www.courdescomptes.sn\/?p=1611"},"modified":"2022-06-29T15:48:20","modified_gmt":"2022-06-29T15:48:20","slug":"top-congres-aisccuf","status":"publish","type":"post","link":"https:\/\/www.courdescomptes.sn\/en\/top-congres-aisccuf\/","title":{"rendered":"TOP Congr\u00e8s &#8211; AISCCUF"},"content":{"rendered":"\n<div class=\"wp-container-2 wp-block-columns\">\n<div class=\"wp-container-1 wp-block-column\" style=\"flex-basis:100%\">\n<figure class=\"wp-block-image size-large\"><img loading=\"lazy\" width=\"1024\" height=\"315\" src=\"http:\/\/www.courdescomptes.sn\/wp-content\/uploads\/2022\/06\/Capture-de\u0301cran-2022-06-29-a\u0300-15.42.02-1024x315.png\" alt=\"\" class=\"wp-image-1616\" srcset=\"https:\/\/www.courdescomptes.sn\/wp-content\/uploads\/2022\/06\/Capture-de\u0301cran-2022-06-29-a\u0300-15.42.02-1024x315.png 1024w, https:\/\/www.courdescomptes.sn\/wp-content\/uploads\/2022\/06\/Capture-de\u0301cran-2022-06-29-a\u0300-15.42.02-300x92.png 300w, https:\/\/www.courdescomptes.sn\/wp-content\/uploads\/2022\/06\/Capture-de\u0301cran-2022-06-29-a\u0300-15.42.02-768x236.png 768w, https:\/\/www.courdescomptes.sn\/wp-content\/uploads\/2022\/06\/Capture-de\u0301cran-2022-06-29-a\u0300-15.42.02-1536x472.png 1536w, https:\/\/www.courdescomptes.sn\/wp-content\/uploads\/2022\/06\/Capture-de\u0301cran-2022-06-29-a\u0300-15.42.02-2048x630.png 2048w\" sizes=\"(max-width: 1024px) 100vw, 1024px\" \/><\/figure>\n<\/div>\n<\/div>\n\n\n\n<p class=\"has-text-align-center\"><strong>COMMUNIQU\u00c9 DE PRESSE<\/strong><\/p>\n\n\n<div class=\"wp-block-image\">\n<figure class=\"aligncenter size-full\"><img loading=\"lazy\" width=\"446\" height=\"94\" src=\"http:\/\/www.courdescomptes.sn\/wp-content\/uploads\/2022\/06\/image-3.png\" alt=\"\" class=\"wp-image-1617\" srcset=\"https:\/\/www.courdescomptes.sn\/wp-content\/uploads\/2022\/06\/image-3.png 446w, https:\/\/www.courdescomptes.sn\/wp-content\/uploads\/2022\/06\/image-3-300x63.png 300w\" sizes=\"(max-width: 446px) 100vw, 446px\" \/><figcaption><strong><mark style=\"background-color:rgba(0, 0, 0, 0)\" class=\"has-inline-color has-luminous-vivid-amber-color\">Du 4 au 6 juillet 2022 \u00e0 Dakar<\/mark><\/strong><\/figcaption><\/figure><\/div>\n\n\n<p class=\"has-text-align-left\">La Cour des Comptes du S\u00e9n\u00e9gal, Pr\u00e9sidente en exercice de l\u2019Association des Institutions sup\u00e9rieures de Contr\u00f4le ayant en Commun l\u2019Usage du Fran\u00e7ais (<strong>AISCCUF<\/strong>) depuis le 1er f\u00e9vrier 2022, accueille du <strong>4 <\/strong>au <strong>6 juillet<\/strong> <strong>2022<\/strong>, la deuxi\u00e8me \u00e9dition du <strong>TOP Congr\u00e8s.<\/strong><\/p>\n\n\n\n<p class=\"has-text-align-left\">Le <strong>TOP Congr\u00e8s <\/strong>est une activit\u00e9 de renforcement de capacit\u00e9s de l\u2019AISCCUF d\u00e9di\u00e9e aux jeunes auditrices et auditeurs des ISC de l\u2019espace francophone. Le th\u00e8me de cette deuxi\u00e8me \u00e9dition porte sur \u00ab <strong>l\u2019impact des activit\u00e9s des Institutions sup\u00e9rieures de contr\u00f4le (ISC) pour les citoyens<\/strong>. \u00bb<\/p>\n\n\n\n<p class=\"has-text-align-left\">Les&nbsp; &nbsp;travaux&nbsp; &nbsp;porteront&nbsp; &nbsp;notamment&nbsp; &nbsp;sur&nbsp; &nbsp;\u00ab <strong>la&nbsp; &nbsp;communication <\/strong>\u00bb,&nbsp; &nbsp;\u00ab <strong>la participation&nbsp;&nbsp; &nbsp;citoyenne <\/strong>\u00bb,&nbsp;&nbsp; &nbsp;\u00ab <strong>l\u2019innovation <\/strong>\u00bb&nbsp;&nbsp; &nbsp;et&nbsp;&nbsp; &nbsp;\u00ab <strong>l\u2019ouverture&nbsp;&nbsp; &nbsp;de donn\u00e9es <\/strong>\u00bb. Les sessions seront anim\u00e9es par des Experts issus des ISC membres de l\u2019AISCCUF.<\/p>\n\n\n\n<p class=\"has-text-align-left\">La c\u00e9r\u00e9monie officielle, d\u2019ouverture des travaux aura lieu le <strong>lundi 4 juillet<\/strong> <strong>2022 <\/strong>\u00e0 <strong>9 H 30 mn <\/strong>au <strong>King Fahd palace de Dakar.<\/strong><\/p>\n\n\n\n<p class=\"has-text-align-left\"><strong><u>Contacts Presse<\/u>\u00a0<\/strong>:<\/p>\n\n\n\n<p class=\"has-text-align-left\">Mme SY Mariama Nanthio Ndiaye T\u00e9l : 77 324 23 09<\/p>\n\n\n\n<p class=\"has-text-align-left\">El Hadji Malick CISSE T\u00e9l : 77 636 28 94<\/p>\n\n\n\n<p class=\"has-text-align-left\"><\/p>\n","protected":false},"excerpt":{"rendered":"<p>COMMUNIQU\u00c9 DE PRESSE La Cour des Comptes du S\u00e9n\u00e9gal, Pr\u00e9sidente en exercice de l\u2019Association des Institutions sup\u00e9rieures de Contr\u00f4le ayant en Commun l\u2019Usage du Fran\u00e7ais (AISCCUF) depuis le 1er f\u00e9vrier 2022, accueille du 4 au 6 juillet 2022, la deuxi\u00e8me \u00e9dition du TOP Congr\u00e8s. Le TOP Congr\u00e8s est une activit\u00e9 de renforcement de capacit\u00e9s de [&hellip;]<\/p>\n","protected":false},"author":52,"featured_media":0,"comment_status":"closed","ping_status":"closed","sticky":false,"template":"","format":"standard","meta":[],"categories":[5],"tags":[],"_links":{"self":[{"href":"https:\/\/www.courdescomptes.sn\/en\/wp-json\/wp\/v2\/posts\/1611"}],"collection":[{"href":"https:\/\/www.courdescomptes.sn\/en\/wp-json\/wp\/v2\/posts"}],"about":[{"href":"https:\/\/www.courdescomptes.sn\/en\/wp-json\/wp\/v2\/types\/post"}],"author":[{"embeddable":true,"href":"https:\/\/www.courdescomptes.sn\/en\/wp-json\/wp\/v2\/users\/52"}],"replies":[{"embeddable":true,"href":"https:\/\/www.courdescomptes.sn\/en\/wp-json\/wp\/v2\/comments?post=1611"}],"version-history":[{"count":3,"href":"https:\/\/www.courdescomptes.sn\/en\/wp-json\/wp\/v2\/posts\/1611\/revisions"}],"predecessor-version":[{"id":1618,"href":"https:\/\/www.courdescomptes.sn\/en\/wp-json\/wp\/v2\/posts\/1611\/revisions\/1618"}],"wp:attachment":[{"href":"https:\/\/www.courdescomptes.sn\/en\/wp-json\/wp\/v2\/media?parent=1611"}],"wp:term":[{"taxonomy":"category","embeddable":true,"href":"https:\/\/www.courdescomptes.sn\/en\/wp-json\/wp\/v2\/categories?post=1611"},{"taxonomy":"post_tag","embeddable":true,"href":"https:\/\/www.courdescomptes.sn\/en\/wp-json\/wp\/v2\/tags?post=1611"}],"curies":[{"name":"wp","href":"https:\/\/api.w.org\/{rel}","templated":true}]}}